{"id":7757,"date":"2023-11-07T21:37:58","date_gmt":"2023-11-07T21:37:58","guid":{"rendered":"https:\/\/fepyme.org.gt\/?p=7757"},"modified":"2023-11-23T18:10:19","modified_gmt":"2023-11-23T18:10:19","slug":"firma-de-adhesion-a-la-alianza-para-el-desarrollo-de-la-ciencia-la-tecnologia-y-la-innovacion","status":"publish","type":"post","link":"https:\/\/fepyme.org.gt\/portal\/firma-de-adhesion-a-la-alianza-para-el-desarrollo-de-la-ciencia-la-tecnologia-y-la-innovacion\/","title":{"rendered":"Firma de adhesi\u00f3n a la Alianza para el desarrollo de la ciencia, la tecnolog\u00eda y la innovaci\u00f3n"},"content":{"rendered":"<div class=\"wpb-content-wrapper\"><p>[vc_row][vc_column width=&#8221;1\/2&#8243;][vc_column_text]Ana Chan, secretaria nacional de la Senacyt, y Manfredo Reyes Solares, presidente de la Federaci\u00f3n de la Peque\u00f1a y Mediana Empresa Guatemalteca (FEPYME), firmaron la adhesi\u00f3n a la Alianza para el desarrollo de la ciencia, la tecnolog\u00eda y la innovaci\u00f3n en Guatemala.<\/p>\n<p>Ambas instituciones buscar\u00e1n impulsar acciones de transferencia tecnol\u00f3gica y de conocimientos; as\u00ed como potenciar proyectos de investigaci\u00f3n, innovaci\u00f3n y desarrollo cient\u00edfico, que promuevan productividad, competitividad, desarrollo econ\u00f3mico y social para el pa\u00eds.<\/p>\n<p>\u201cDesde la Senacyt ponemos a su disposici\u00f3n los fondos de financiamiento que van desde la formaci\u00f3n de talento humano hasta recursos financieros para invertir en investigaci\u00f3n e innovaci\u00f3n. Ya que la peque\u00f1a y mediana empresa en el pa\u00eds representa m\u00e1s del 99 % del tejido empresarial, genera alrededor del 80 % del empleo y su contribuci\u00f3n al Producto Interno Bruto es de alrededor del 40 %, seg\u00fan datos del Ministerio de Econom\u00eda\u201d resalt\u00f3 Ana Chan, durante su intervenci\u00f3n.[\/vc_column_text][\/vc_column][vc_column width=&#8221;1\/2&#8243;][vc_single_image image=&#8221;7758&#8243; img_size=&#8221;large&#8221;][\/vc_column][\/vc_row][vc_row][vc_column]<div class=\"about-gallery  lp-section-content-container popup-gallery clearfix\">\t<div class=\"col-md-5 col-sm-5 about-gallery-box\">\n\t\t\t\t\t\t\t<a href=\"https:\/\/i0.wp.com\/fepyme.org.gt\/portal\/wp-content\/uploads\/2023\/11\/alianzaCONCYT1.jpg?fit=1600%2C1066&ssl=1\" class=\"image-popup\">\n\t\t\t\t\t\t\t\t<img decoding=\"async\" src=\"https:\/\/i0.wp.com\/fepyme.org.gt\/portal\/wp-content\/uploads\/2023\/11\/alianzaCONCYT1.jpg?resize=458%2C425&ssl=1\" alt=\"image\">\n\t\t\t\t\t\t\t<\/a>\n\t\t\t\t\t\t<\/div>\t<div class=\"col-md-4 col-sm-4 about-gallery-box\">\n\t\t\t\t\t\t\t<a href=\"https:\/\/i0.wp.com\/fepyme.org.gt\/portal\/wp-content\/uploads\/2023\/11\/alianzaCONCYT2.jpg?fit=1600%2C1066&ssl=1\" class=\"image-popup\">\n\t\t\t\t\t\t\t\t<img decoding=\"async\" src=\"https:\/\/i0.wp.com\/fepyme.org.gt\/portal\/wp-content\/uploads\/2023\/11\/alianzaCONCYT2.jpg?resize=360%2C198&ssl=1\" alt=\"image\">\n\t\t\t\t\t\t\t<\/a>\n\t\t\t\t\t\t<\/div>\t<div class=\"col-md-3 col-sm-3 about-gallery-box\">\n\t\t\t\t\t\t\t<a href=\"https:\/\/i0.wp.com\/fepyme.org.gt\/portal\/wp-content\/uploads\/2023\/11\/alianzaCONCYT3.jpg?fit=1280%2C852&ssl=1\" class=\"image-popup\">\n\t\t\t\t\t\t\t\t<img decoding=\"async\" src=\"https:\/\/i0.wp.com\/fepyme.org.gt\/portal\/wp-content\/uploads\/2023\/11\/alianzaCONCYT3.jpg?resize=263%2C198&ssl=1\" alt=\"image\">\n\t\t\t\t\t\t\t<\/a>\n\t\t\t\t\t\t<\/div>\t<div class=\"col-md-7 col-sm-7 about-gallery-box\">\n\t\t\t\t\t\t\t<a href=\"https:\/\/i0.wp.com\/fepyme.org.gt\/portal\/wp-content\/uploads\/2023\/11\/alianzaCONCYT4.jpg?fit=1280%2C853&ssl=1\" class=\"image-popup\">\n\t\t\t\t\t\t\t\t<img decoding=\"async\" src=\"https:\/\/i0.wp.com\/fepyme.org.gt\/portal\/wp-content\/uploads\/2023\/11\/alianzaCONCYT4.jpg?resize=653%2C199&ssl=1\" alt=\"image\">\n\t\t\t\t\t\t\t<\/a>\n\t\t\t\t\t\t<\/div>    <div class=\"col-md-4 col-sm-4 about-gallery-box\">                            <a href=\"https:\/\/i0.wp.com\/fepyme.org.gt\/portal\/wp-content\/uploads\/2023\/11\/alianzaCONCYT5.jpg?fit=1600%2C1066&ssl=1\" class=\"image-popup\">                                <img decoding=\"async\" src=\"https:\/\/i0.wp.com\/fepyme.org.gt\/portal\/wp-content\/uploads\/2023\/11\/alianzaCONCYT5.jpg?resize=360%2C198&ssl=1\" alt=\"image\">                            <\/a>                        <\/div>    <div class=\"col-md-4 col-sm-4 about-gallery-box\">                            <a href=\"https:\/\/i0.wp.com\/fepyme.org.gt\/portal\/wp-content\/uploads\/2023\/11\/alianzaCONCYT6.jpg?fit=1280%2C853&ssl=1\" class=\"image-popup\">                                <img decoding=\"async\" src=\"https:\/\/i0.wp.com\/fepyme.org.gt\/portal\/wp-content\/uploads\/2023\/11\/alianzaCONCYT6.jpg?resize=360%2C198&ssl=1\" alt=\"image\">                            <\/a>                        <\/div>    <div class=\"col-md-4 col-sm-4 about-gallery-box\">                            <a href=\"https:\/\/i0.wp.com\/fepyme.org.gt\/portal\/wp-content\/uploads\/2023\/11\/alianzaCONCYT7.jpg?fit=1280%2C853&ssl=1\" class=\"image-popup\">                                <img decoding=\"async\" src=\"https:\/\/i0.wp.com\/fepyme.org.gt\/portal\/wp-content\/uploads\/2023\/11\/alianzaCONCYT7.jpg?resize=360%2C198&ssl=1\" alt=\"image\">                            <\/a>                        <\/div>    <div class=\"col-md-4 col-sm-4 about-gallery-box\">                            <a href=\"https:\/\/i0.wp.com\/fepyme.org.gt\/portal\/wp-content\/uploads\/2023\/11\/alianzaCONCYT8.jpg?fit=1280%2C853&ssl=1\" class=\"image-popup\">                                <img decoding=\"async\" src=\"https:\/\/i0.wp.com\/fepyme.org.gt\/portal\/wp-content\/uploads\/2023\/11\/alianzaCONCYT8.jpg?resize=360%2C198&ssl=1\" alt=\"image\">                            <\/a>                        <\/div>    <div class=\"col-md-4 col-sm-4 about-gallery-box\">                            <a href=\"https:\/\/i0.wp.com\/fepyme.org.gt\/portal\/wp-content\/uploads\/2023\/11\/alianzaCONCYT9.jpg?fit=1280%2C853&ssl=1\" class=\"image-popup\">                                <img decoding=\"async\" src=\"https:\/\/i0.wp.com\/fepyme.org.gt\/portal\/wp-content\/uploads\/2023\/11\/alianzaCONCYT9.jpg?resize=360%2C198&ssl=1\" alt=\"image\">                            <\/a>                        <\/div>    <div class=\"col-md-4 col-sm-4 about-gallery-box\">                            <a href=\"https:\/\/i0.wp.com\/fepyme.org.gt\/portal\/wp-content\/uploads\/2023\/11\/alianzaCONCYT10.jpg?fit=1600%2C1066&ssl=1\" class=\"image-popup\">                                <img decoding=\"async\" src=\"https:\/\/i0.wp.com\/fepyme.org.gt\/portal\/wp-content\/uploads\/2023\/11\/alianzaCONCYT10.jpg?resize=360%2C198&ssl=1\" alt=\"image\">                            <\/a>                        <\/div>    <div class=\"col-md-4 col-sm-4 about-gallery-box\">                            <a href=\"https:\/\/i0.wp.com\/fepyme.org.gt\/portal\/wp-content\/uploads\/2023\/11\/alianzaCONCYT11.jpg?fit=1600%2C1066&ssl=1\" class=\"image-popup\">                                <img decoding=\"async\" src=\"https:\/\/i0.wp.com\/fepyme.org.gt\/portal\/wp-content\/uploads\/2023\/11\/alianzaCONCYT11.jpg?resize=360%2C198&ssl=1\" alt=\"image\">                            <\/a>                        <\/div><\/div>[\/vc_column][\/vc_row]<\/p>\n<\/div>","protected":false},"excerpt":{"rendered":"<p>[vc_row][vc_column width=&#8221;1\/2&#8243;][vc_column_text]Ana Chan, secretaria nacional de la Senacyt, y Manfredo Reyes Solares, presidente de la Federaci\u00f3n de la Peque\u00f1a y Mediana Empresa Guatemalteca (FEPYME), firmaron la adhesi\u00f3n a la Alianza para el desarrollo de la ciencia, la tecnolog\u00eda y la innovaci\u00f3n en Guatemala. Ambas instituciones buscar\u00e1n impulsar acciones de transferencia tecnol\u00f3gica y de conocimientos; as\u00ed [&hellip;]<\/p>\n","protected":false},"author":1,"featured_media":7758,"comment_status":"open","ping_status":"open","sticky":false,"template":"","format":"standard","meta":{"nf_dc_page":"","om_disable_all_campaigns":false,"_jetpack_newsletter_access":"","_jetpack_dont_email_post_to_subs":false,"_jetpack_newsletter_tier_id":0,"_jetpack_memberships_contains_paywalled_content":false,"_jetpack_feature_clip_id":0,"_jetpack_memberships_contains_paid_content":false,"footnotes":"","jetpack_post_was_ever_published":false},"categories":[3],"tags":[],"class_list":["post-7757","post","type-post","status-publish","format-standard","has-post-thumbnail","hentry","category-noticias"],"cubewp_post_meta":[],"taxonomies":["Noticias"],"yoast_head":"<!-- This site is optimized with the Yoast SEO plugin v28.4 - https:\/\/yoast.com\/product\/yoast-seo-wordpress\/ -->\n<title>Firma de adhesi\u00f3n a la Alianza para el desarrollo de la ciencia, la tecnolog\u00eda y la innovaci\u00f3n - FEPYME<\/title>\n<meta name=\"robots\" content=\"index, follow, max-snippet:-1, max-image-preview:large, max-video-preview:-1\" \/>\n<link rel=\"canonical\" href=\"https:\/\/fepyme.org.gt\/firma-de-adhesion-a-la-alianza-para-el-desarrollo-de-la-ciencia-la-tecnologia-y-la-innovacion\/\" \/>\n<meta property=\"og:locale\" content=\"es_ES\" \/>\n<meta property=\"og:type\" content=\"article\" \/>\n<meta property=\"og:title\" content=\"Firma de adhesi\u00f3n a la Alianza para el desarrollo de la ciencia, la tecnolog\u00eda y la innovaci\u00f3n - FEPYME\" \/>\n<meta property=\"og:description\" content=\"[vc_row][vc_column width=&#8221;1\/2&#8243;][vc_column_text]Ana Chan, secretaria nacional de la Senacyt, y Manfredo Reyes Solares, presidente de la Federaci\u00f3n de la Peque\u00f1a y Mediana Empresa Guatemalteca (FEPYME), firmaron la adhesi\u00f3n a la Alianza para el desarrollo de la ciencia, la tecnolog\u00eda y la innovaci\u00f3n en Guatemala. Ambas instituciones buscar\u00e1n impulsar acciones de transferencia tecnol\u00f3gica y de conocimientos; as\u00ed [&hellip;]\" \/>\n<meta property=\"og:url\" content=\"https:\/\/fepyme.org.gt\/firma-de-adhesion-a-la-alianza-para-el-desarrollo-de-la-ciencia-la-tecnologia-y-la-innovacion\/\" \/>\n<meta property=\"og:site_name\" content=\"FEPYME\" \/>\n<meta property=\"article:published_time\" content=\"2023-11-07T21:37:58+00:00\" \/>\n<meta property=\"article:modified_time\" content=\"2023-11-23T18:10:19+00:00\" \/>\n<meta property=\"og:image\" content=\"https:\/\/fepyme.org.gt\/wp-content\/uploads\/2023\/11\/alianzaCONCYT.jpg\" \/>\n\t<meta property=\"og:image:width\" content=\"1600\" \/>\n\t<meta property=\"og:image:height\" content=\"1066\" \/>\n\t<meta property=\"og:image:type\" content=\"image\/jpeg\" \/>\n<meta name=\"author\" content=\"FEPYME\" \/>\n<meta name=\"twitter:card\" content=\"summary_large_image\" \/>\n<meta name=\"twitter:label1\" content=\"Escrito por\" \/>\n\t<meta name=\"twitter:data1\" content=\"FEPYME\" \/>\n\t<meta name=\"twitter:label2\" content=\"Tiempo de lectura\" \/>\n\t<meta name=\"twitter:data2\" content=\"1 minuto\" \/>\n<script type=\"application\/ld+json\" class=\"yoast-schema-graph\">{\"@context\":\"https:\\\/\\\/schema.org\",\"@graph\":[{\"@type\":\"Article\",\"@id\":\"https:\\\/\\\/fepyme.org.gt\\\/firma-de-adhesion-a-la-alianza-para-el-desarrollo-de-la-ciencia-la-tecnologia-y-la-innovacion\\\/#article\",\"isPartOf\":{\"@id\":\"https:\\\/\\\/fepyme.org.gt\\\/firma-de-adhesion-a-la-alianza-para-el-desarrollo-de-la-ciencia-la-tecnologia-y-la-innovacion\\\/\"},\"author\":{\"name\":\"FEPYME\",\"@id\":\"https:\\\/\\\/fepyme.org.gt\\\/#\\\/schema\\\/person\\\/5d5dda9a76a5ac1c1145593383a59c0a\"},\"headline\":\"Firma de adhesi\u00f3n a la Alianza para el desarrollo de la ciencia, la tecnolog\u00eda y la innovaci\u00f3n\",\"datePublished\":\"2023-11-07T21:37:58+00:00\",\"dateModified\":\"2023-11-23T18:10:19+00:00\",\"mainEntityOfPage\":{\"@id\":\"https:\\\/\\\/fepyme.org.gt\\\/firma-de-adhesion-a-la-alianza-para-el-desarrollo-de-la-ciencia-la-tecnologia-y-la-innovacion\\\/\"},\"wordCount\":231,\"commentCount\":0,\"image\":{\"@id\":\"https:\\\/\\\/fepyme.org.gt\\\/firma-de-adhesion-a-la-alianza-para-el-desarrollo-de-la-ciencia-la-tecnologia-y-la-innovacion\\\/#primaryimage\"},\"thumbnailUrl\":\"https:\\\/\\\/i0.wp.com\\\/fepyme.org.gt\\\/portal\\\/wp-content\\\/uploads\\\/2023\\\/11\\\/alianzaCONCYT.jpg?fit=1600%2C1066&ssl=1\",\"articleSection\":[\"Noticias\"],\"inLanguage\":\"es\",\"potentialAction\":[{\"@type\":\"CommentAction\",\"name\":\"Comment\",\"target\":[\"https:\\\/\\\/fepyme.org.gt\\\/firma-de-adhesion-a-la-alianza-para-el-desarrollo-de-la-ciencia-la-tecnologia-y-la-innovacion\\\/#respond\"]}]},{\"@type\":\"WebPage\",\"@id\":\"https:\\\/\\\/fepyme.org.gt\\\/firma-de-adhesion-a-la-alianza-para-el-desarrollo-de-la-ciencia-la-tecnologia-y-la-innovacion\\\/\",\"url\":\"https:\\\/\\\/fepyme.org.gt\\\/firma-de-adhesion-a-la-alianza-para-el-desarrollo-de-la-ciencia-la-tecnologia-y-la-innovacion\\\/\",\"name\":\"Firma de adhesi\u00f3n a la Alianza para el desarrollo de la ciencia, la tecnolog\u00eda y la innovaci\u00f3n - FEPYME\",\"isPartOf\":{\"@id\":\"https:\\\/\\\/fepyme.org.gt\\\/#website\"},\"primaryImageOfPage\":{\"@id\":\"https:\\\/\\\/fepyme.org.gt\\\/firma-de-adhesion-a-la-alianza-para-el-desarrollo-de-la-ciencia-la-tecnologia-y-la-innovacion\\\/#primaryimage\"},\"image\":{\"@id\":\"https:\\\/\\\/fepyme.org.gt\\\/firma-de-adhesion-a-la-alianza-para-el-desarrollo-de-la-ciencia-la-tecnologia-y-la-innovacion\\\/#primaryimage\"},\"thumbnailUrl\":\"https:\\\/\\\/i0.wp.com\\\/fepyme.org.gt\\\/portal\\\/wp-content\\\/uploads\\\/2023\\\/11\\\/alianzaCONCYT.jpg?fit=1600%2C1066&ssl=1\",\"datePublished\":\"2023-11-07T21:37:58+00:00\",\"dateModified\":\"2023-11-23T18:10:19+00:00\",\"author\":{\"@id\":\"https:\\\/\\\/fepyme.org.gt\\\/#\\\/schema\\\/person\\\/5d5dda9a76a5ac1c1145593383a59c0a\"},\"breadcrumb\":{\"@id\":\"https:\\\/\\\/fepyme.org.gt\\\/firma-de-adhesion-a-la-alianza-para-el-desarrollo-de-la-ciencia-la-tecnologia-y-la-innovacion\\\/#breadcrumb\"},\"inLanguage\":\"es\",\"potentialAction\":[{\"@type\":\"ReadAction\",\"target\":[\"https:\\\/\\\/fepyme.org.gt\\\/firma-de-adhesion-a-la-alianza-para-el-desarrollo-de-la-ciencia-la-tecnologia-y-la-innovacion\\\/\"]}]},{\"@type\":\"ImageObject\",\"inLanguage\":\"es\",\"@id\":\"https:\\\/\\\/fepyme.org.gt\\\/firma-de-adhesion-a-la-alianza-para-el-desarrollo-de-la-ciencia-la-tecnologia-y-la-innovacion\\\/#primaryimage\",\"url\":\"https:\\\/\\\/i0.wp.com\\\/fepyme.org.gt\\\/portal\\\/wp-content\\\/uploads\\\/2023\\\/11\\\/alianzaCONCYT.jpg?fit=1600%2C1066&ssl=1\",\"contentUrl\":\"https:\\\/\\\/i0.wp.com\\\/fepyme.org.gt\\\/portal\\\/wp-content\\\/uploads\\\/2023\\\/11\\\/alianzaCONCYT.jpg?fit=1600%2C1066&ssl=1\",\"width\":1600,\"height\":1066},{\"@type\":\"BreadcrumbList\",\"@id\":\"https:\\\/\\\/fepyme.org.gt\\\/firma-de-adhesion-a-la-alianza-para-el-desarrollo-de-la-ciencia-la-tecnologia-y-la-innovacion\\\/#breadcrumb\",\"itemListElement\":[{\"@type\":\"ListItem\",\"position\":1,\"name\":\"Home\",\"item\":\"https:\\\/\\\/fepyme.org.gt\\\/\"},{\"@type\":\"ListItem\",\"position\":2,\"name\":\"Firma de adhesi\u00f3n a la Alianza para el desarrollo de la ciencia, la tecnolog\u00eda y la innovaci\u00f3n\"}]},{\"@type\":\"WebSite\",\"@id\":\"https:\\\/\\\/fepyme.org.gt\\\/#website\",\"url\":\"https:\\\/\\\/fepyme.org.gt\\\/\",\"name\":\"FEPYME\",\"description\":\"Federaci\u00f3n de la peque\u00f1a y mediana empresa\",\"potentialAction\":[{\"@type\":\"SearchAction\",\"target\":{\"@type\":\"EntryPoint\",\"urlTemplate\":\"https:\\\/\\\/fepyme.org.gt\\\/?s={search_term_string}\"},\"query-input\":{\"@type\":\"PropertyValueSpecification\",\"valueRequired\":true,\"valueName\":\"search_term_string\"}}],\"inLanguage\":\"es\"},{\"@type\":\"Person\",\"@id\":\"https:\\\/\\\/fepyme.org.gt\\\/#\\\/schema\\\/person\\\/5d5dda9a76a5ac1c1145593383a59c0a\",\"name\":\"FEPYME\",\"image\":{\"@type\":\"ImageObject\",\"inLanguage\":\"es\",\"@id\":\"https:\\\/\\\/secure.gravatar.com\\\/avatar\\\/3a74a295c7f78200aad2c200b2f2f2c10b8bebf8126fccf24e8d46e37e7616da?s=96&d=mm&r=g\",\"url\":\"https:\\\/\\\/secure.gravatar.com\\\/avatar\\\/3a74a295c7f78200aad2c200b2f2f2c10b8bebf8126fccf24e8d46e37e7616da?s=96&d=mm&r=g\",\"contentUrl\":\"https:\\\/\\\/secure.gravatar.com\\\/avatar\\\/3a74a295c7f78200aad2c200b2f2f2c10b8bebf8126fccf24e8d46e37e7616da?s=96&d=mm&r=g\",\"caption\":\"FEPYME\"},\"sameAs\":[\"https:\\\/\\\/fepyme.org.gt\"],\"url\":\"https:\\\/\\\/fepyme.org.gt\\\/portal\\\/author\\\/fepyad\\\/\"}]}<\/script>\n<!-- \/ Yoast SEO plugin. -->","yoast_head_json":{"title":"Firma de adhesi\u00f3n a la Alianza para el desarrollo de la ciencia, la tecnolog\u00eda y la innovaci\u00f3n - FEPYME","robots":{"index":"index","follow":"follow","max-snippet":"max-snippet:-1","max-image-preview":"max-image-preview:large","max-video-preview":"max-video-preview:-1"},"canonical":"https:\/\/fepyme.org.gt\/firma-de-adhesion-a-la-alianza-para-el-desarrollo-de-la-ciencia-la-tecnologia-y-la-innovacion\/","og_locale":"es_ES","og_type":"article","og_title":"Firma de adhesi\u00f3n a la Alianza para el desarrollo de la ciencia, la tecnolog\u00eda y la innovaci\u00f3n - FEPYME","og_description":"[vc_row][vc_column width=&#8221;1\/2&#8243;][vc_column_text]Ana Chan, secretaria nacional de la Senacyt, y Manfredo Reyes Solares, presidente de la Federaci\u00f3n de la Peque\u00f1a y Mediana Empresa Guatemalteca (FEPYME), firmaron la adhesi\u00f3n a la Alianza para el desarrollo de la ciencia, la tecnolog\u00eda y la innovaci\u00f3n en Guatemala. Ambas instituciones buscar\u00e1n impulsar acciones de transferencia tecnol\u00f3gica y de conocimientos; as\u00ed [&hellip;]","og_url":"https:\/\/fepyme.org.gt\/firma-de-adhesion-a-la-alianza-para-el-desarrollo-de-la-ciencia-la-tecnologia-y-la-innovacion\/","og_site_name":"FEPYME","article_published_time":"2023-11-07T21:37:58+00:00","article_modified_time":"2023-11-23T18:10:19+00:00","og_image":[{"width":1600,"height":1066,"url":"https:\/\/fepyme.org.gt\/wp-content\/uploads\/2023\/11\/alianzaCONCYT.jpg","type":"image\/jpeg"}],"author":"FEPYME","twitter_card":"summary_large_image","twitter_misc":{"Escrito por":"FEPYME","Tiempo de lectura":"1 minuto"},"schema":{"@context":"https:\/\/schema.org","@graph":[{"@type":"Article","@id":"https:\/\/fepyme.org.gt\/firma-de-adhesion-a-la-alianza-para-el-desarrollo-de-la-ciencia-la-tecnologia-y-la-innovacion\/#article","isPartOf":{"@id":"https:\/\/fepyme.org.gt\/firma-de-adhesion-a-la-alianza-para-el-desarrollo-de-la-ciencia-la-tecnologia-y-la-innovacion\/"},"author":{"name":"FEPYME","@id":"https:\/\/fepyme.org.gt\/#\/schema\/person\/5d5dda9a76a5ac1c1145593383a59c0a"},"headline":"Firma de adhesi\u00f3n a la Alianza para el desarrollo de la ciencia, la tecnolog\u00eda y la innovaci\u00f3n","datePublished":"2023-11-07T21:37:58+00:00","dateModified":"2023-11-23T18:10:19+00:00","mainEntityOfPage":{"@id":"https:\/\/fepyme.org.gt\/firma-de-adhesion-a-la-alianza-para-el-desarrollo-de-la-ciencia-la-tecnologia-y-la-innovacion\/"},"wordCount":231,"commentCount":0,"image":{"@id":"https:\/\/fepyme.org.gt\/firma-de-adhesion-a-la-alianza-para-el-desarrollo-de-la-ciencia-la-tecnologia-y-la-innovacion\/#primaryimage"},"thumbnailUrl":"https:\/\/i0.wp.com\/fepyme.org.gt\/portal\/wp-content\/uploads\/2023\/11\/alianzaCONCYT.jpg?fit=1600%2C1066&ssl=1","articleSection":["Noticias"],"inLanguage":"es","potentialAction":[{"@type":"CommentAction","name":"Comment","target":["https:\/\/fepyme.org.gt\/firma-de-adhesion-a-la-alianza-para-el-desarrollo-de-la-ciencia-la-tecnologia-y-la-innovacion\/#respond"]}]},{"@type":"WebPage","@id":"https:\/\/fepyme.org.gt\/firma-de-adhesion-a-la-alianza-para-el-desarrollo-de-la-ciencia-la-tecnologia-y-la-innovacion\/","url":"https:\/\/fepyme.org.gt\/firma-de-adhesion-a-la-alianza-para-el-desarrollo-de-la-ciencia-la-tecnologia-y-la-innovacion\/","name":"Firma de adhesi\u00f3n a la Alianza para el desarrollo de la ciencia, la tecnolog\u00eda y la innovaci\u00f3n - FEPYME","isPartOf":{"@id":"https:\/\/fepyme.org.gt\/#website"},"primaryImageOfPage":{"@id":"https:\/\/fepyme.org.gt\/firma-de-adhesion-a-la-alianza-para-el-desarrollo-de-la-ciencia-la-tecnologia-y-la-innovacion\/#primaryimage"},"image":{"@id":"https:\/\/fepyme.org.gt\/firma-de-adhesion-a-la-alianza-para-el-desarrollo-de-la-ciencia-la-tecnologia-y-la-innovacion\/#primaryimage"},"thumbnailUrl":"https:\/\/i0.wp.com\/fepyme.org.gt\/portal\/wp-content\/uploads\/2023\/11\/alianzaCONCYT.jpg?fit=1600%2C1066&ssl=1","datePublished":"2023-11-07T21:37:58+00:00","dateModified":"2023-11-23T18:10:19+00:00","author":{"@id":"https:\/\/fepyme.org.gt\/#\/schema\/person\/5d5dda9a76a5ac1c1145593383a59c0a"},"breadcrumb":{"@id":"https:\/\/fepyme.org.gt\/firma-de-adhesion-a-la-alianza-para-el-desarrollo-de-la-ciencia-la-tecnologia-y-la-innovacion\/#breadcrumb"},"inLanguage":"es","potentialAction":[{"@type":"ReadAction","target":["https:\/\/fepyme.org.gt\/firma-de-adhesion-a-la-alianza-para-el-desarrollo-de-la-ciencia-la-tecnologia-y-la-innovacion\/"]}]},{"@type":"ImageObject","inLanguage":"es","@id":"https:\/\/fepyme.org.gt\/firma-de-adhesion-a-la-alianza-para-el-desarrollo-de-la-ciencia-la-tecnologia-y-la-innovacion\/#primaryimage","url":"https:\/\/i0.wp.com\/fepyme.org.gt\/portal\/wp-content\/uploads\/2023\/11\/alianzaCONCYT.jpg?fit=1600%2C1066&ssl=1","contentUrl":"https:\/\/i0.wp.com\/fepyme.org.gt\/portal\/wp-content\/uploads\/2023\/11\/alianzaCONCYT.jpg?fit=1600%2C1066&ssl=1","width":1600,"height":1066},{"@type":"BreadcrumbList","@id":"https:\/\/fepyme.org.gt\/firma-de-adhesion-a-la-alianza-para-el-desarrollo-de-la-ciencia-la-tecnologia-y-la-innovacion\/#breadcrumb","itemListElement":[{"@type":"ListItem","position":1,"name":"Home","item":"https:\/\/fepyme.org.gt\/"},{"@type":"ListItem","position":2,"name":"Firma de adhesi\u00f3n a la Alianza para el desarrollo de la ciencia, la tecnolog\u00eda y la innovaci\u00f3n"}]},{"@type":"WebSite","@id":"https:\/\/fepyme.org.gt\/#website","url":"https:\/\/fepyme.org.gt\/","name":"FEPYME","description":"Federaci\u00f3n de la peque\u00f1a y mediana empresa","potentialAction":[{"@type":"SearchAction","target":{"@type":"EntryPoint","urlTemplate":"https:\/\/fepyme.org.gt\/?s={search_term_string}"},"query-input":{"@type":"PropertyValueSpecification","valueRequired":true,"valueName":"search_term_string"}}],"inLanguage":"es"},{"@type":"Person","@id":"https:\/\/fepyme.org.gt\/#\/schema\/person\/5d5dda9a76a5ac1c1145593383a59c0a","name":"FEPYME","image":{"@type":"ImageObject","inLanguage":"es","@id":"https:\/\/secure.gravatar.com\/avatar\/3a74a295c7f78200aad2c200b2f2f2c10b8bebf8126fccf24e8d46e37e7616da?s=96&d=mm&r=g","url":"https:\/\/secure.gravatar.com\/avatar\/3a74a295c7f78200aad2c200b2f2f2c10b8bebf8126fccf24e8d46e37e7616da?s=96&d=mm&r=g","contentUrl":"https:\/\/secure.gravatar.com\/avatar\/3a74a295c7f78200aad2c200b2f2f2c10b8bebf8126fccf24e8d46e37e7616da?s=96&d=mm&r=g","caption":"FEPYME"},"sameAs":["https:\/\/fepyme.org.gt"],"url":"https:\/\/fepyme.org.gt\/portal\/author\/fepyad\/"}]}},"jetpack_sharing_enabled":true,"jetpack_featured_media_url":"https:\/\/i0.wp.com\/fepyme.org.gt\/portal\/wp-content\/uploads\/2023\/11\/alianzaCONCYT.jpg?fit=1600%2C1066&ssl=1","_links":{"self":[{"href":"https:\/\/fepyme.org.gt\/portal\/wp-json\/wp\/v2\/posts\/7757","targetHints":{"allow":["GET"]}}],"collection":[{"href":"https:\/\/fepyme.org.gt\/portal\/wp-json\/wp\/v2\/posts"}],"about":[{"href":"https:\/\/fepyme.org.gt\/portal\/wp-json\/wp\/v2\/types\/post"}],"author":[{"embeddable":true,"href":"https:\/\/fepyme.org.gt\/portal\/wp-json\/wp\/v2\/users\/1"}],"replies":[{"embeddable":true,"href":"https:\/\/fepyme.org.gt\/portal\/wp-json\/wp\/v2\/comments?post=7757"}],"version-history":[{"count":1,"href":"https:\/\/fepyme.org.gt\/portal\/wp-json\/wp\/v2\/posts\/7757\/revisions"}],"predecessor-version":[{"id":7770,"href":"https:\/\/fepyme.org.gt\/portal\/wp-json\/wp\/v2\/posts\/7757\/revisions\/7770"}],"wp:featuredmedia":[{"embeddable":true,"href":"https:\/\/fepyme.org.gt\/portal\/wp-json\/wp\/v2\/media\/7758"}],"wp:attachment":[{"href":"https:\/\/fepyme.org.gt\/portal\/wp-json\/wp\/v2\/media?parent=7757"}],"wp:term":[{"taxonomy":"category","embeddable":true,"href":"https:\/\/fepyme.org.gt\/portal\/wp-json\/wp\/v2\/categories?post=7757"},{"taxonomy":"post_tag","embeddable":true,"href":"https:\/\/fepyme.org.gt\/portal\/wp-json\/wp\/v2\/tags?post=7757"}],"curies":[{"name":"wp","href":"https:\/\/api.w.org\/{rel}","templated":true}]}}